{"id":2020,"date":"2020-05-08T17:28:20","date_gmt":"2020-05-08T15:28:20","guid":{"rendered":"http:\/\/langosco.it\/?page_id=2020"},"modified":"2020-05-14T14:24:50","modified_gmt":"2020-05-14T12:24:50","slug":"note-guidone-2","status":"publish","type":"post","link":"https:\/\/langosco.it\/?p=2020","title":{"rendered":"Personaggio: Guidone o Vidone"},"content":{"rendered":"<p>Guidone o Vidone: vescovo di Savona (morto 1183)<\/p>\n<p class=\"documentDescription\" style=\"text-align: center;\">&#8212;&#8211; <img loading=\"lazy\" decoding=\"async\" data-attachment-id=\"69\" data-permalink=\"https:\/\/langosco.it\/?attachment_id=69\" data-orig-file=\"https:\/\/i0.wp.com\/langosco.it\/wp-content\/uploads\/2015\/10\/stemma-langosco-di1-thumb.png?fit=105%2C120&amp;ssl=1\" data-orig-size=\"105,120\" data-comments-opened=\"1\" data-image-meta=\"{&quot;aperture&quot;:&quot;0&quot;,&quot;credit&quot;:&quot;&quot;,&quot;camera&quot;:&quot;&quot;,&quot;caption&quot;:&quot;&quot;,&quot;created_timestamp&quot;:&quot;0&quot;,&quot;copyright&quot;:&quot;&quot;,&quot;focal_length&quot;:&quot;0&quot;,&quot;iso&quot;:&quot;0&quot;,&quot;shutter_speed&quot;:&quot;0&quot;,&quot;title&quot;:&quot;&quot;,&quot;orientation&quot;:&quot;0&quot;}\" data-image-title=\"stemma-langosco-di1-thumb\" data-image-description=\"\" data-image-caption=\"\" data-medium-file=\"https:\/\/i0.wp.com\/langosco.it\/wp-content\/uploads\/2015\/10\/stemma-langosco-di1-thumb.png?fit=105%2C120&amp;ssl=1\" data-large-file=\"https:\/\/i0.wp.com\/langosco.it\/wp-content\/uploads\/2015\/10\/stemma-langosco-di1-thumb.png?fit=105%2C120&amp;ssl=1\" class=\"alignnone wp-image-69\" src=\"https:\/\/i0.wp.com\/langosco.it\/wp-content\/uploads\/2015\/10\/stemma-langosco-di1-thumb.png?resize=10%2C11\" alt=\"stemma-langosco-di1-thumb\" width=\"10\" height=\"11\"  data-recalc-dims=\"1\"> &#8212;&#8211;<\/p>\n<p class=\"documentDescription\">dal sito del<em> Comune di Lomello<\/em>: <a href=\"http:\/\/www.comune.lomello.pv.it\/territorio\/personaggi\/guidone\" target=\"_blank\" rel=\"noopener noreferrer\">Comune di Lomello- Guidone<\/a><\/p>\n<p class=\"documentDescription\">Guidone da Lomello, Vescovo di Savona<\/p>\n<div class=\"plain\">\n<p>Le notizie storiche intorno alla sua persona non sono molte, ma quelle poche in nostro possesso sono ampiamente sufficienti ad illuminare la vita e le opere di questo nostro antico ed illustre concittadino, lontano nel tempo, ma tanto vicino per le sue qualit\u00e0 morali: l&#8217;onest\u00e0, l&#8217;eroismo, la giustizia, la piet\u00e0, tanto da essere considerato santo dal popolo di Savona. Nei cataloghi (elenchi cronologici) \u00e8 nominato come &#8220;beato&#8221;, e in quello redatto da prete Giovanni Zuccarello nel 1533, c&#8217;\u00e8 un inciso che lo chiama &#8220;santo&#8221;. Trascriviamo: &#8220;1533; die XXV Januari&#8230;&#8230;&#8230;. Dominus Beatus Guido de Lomelo, vocatus sanctus episcopus saonensis, sedit de anno 1173, sedit annos 10 tempore Alexandri Pape III&#8221;; 1533, 25 gennaio&#8230;&#8230;&#8230;.. il signor Beato Guido da Lomello, chiamato santo Vescovo di Savona, sedette (sulla cattedra episcopale) dal 1173 e per 10 anni, al tempo di Papa Alessandro III.<\/p>\n<p>Per Franco Ferretti, autore di una dotta monografia su Guidone, il nostro vescovo sarebbe stato sulla cattedra di Savona dal 1163 al 1184. Egli fonda la sua opinione su un documento del 1171, in cui si fa cenno esplicito a Guido savonese e su altri documenti che indirettamente possono riferirsi alla sua persona.<\/p>\n<p>Non riteniamo che l&#8217;una o l&#8217;altra cronologia possano influire sulla figura del nostro vescovo e quindi ci atteniamo alla nostra sopra citata, augurandoci che si scoprano altri documenti e notizie.<\/p>\n<p>Fu santo per il popolo che conobbe la sua virt\u00f9, ma non fu canonizzato dalla Chiesa. Guido o Guidone, altri lo chiamano Vido, sono in realt\u00e0 un solo nome, la cui radice \u00e8 di origine germanica, e cio\u00e8: &#8220;Wido&#8221;=bosco, foresta. Da qui il latino: &#8220;Guido Guidonis&#8221;, oppure: &#8220;Vido-Vidonis&#8221;; si tratta quindi di un nome proprio che fu trascritto adattandolo alla grafia ed alla pronuncia latina. Guido, Guidone o Vidone nacque a Lomello dalla famiglia dei Conti palatini di Lomello. Non si conosce la sua data di nascita. Egli \u00e8 sempre ricordato come: &#8220;Guidus de Lomelo&#8221; nell&#8217;elenco gi\u00e0 citato. Beato Guido da Lomello dal Verzellino nel I\u00b0 volume delle memorie particolari e specialmente degli uomini illustri della citt\u00e0 di Savona. Nella enciclopedia ecclesiastica, alla voce &#8220;Savona&#8221;, si legge: &#8220;ebbe a meritare la pubblica venerazione Vidone Lomello&#8221;, designato quindi con il nome del luogo di nascita.<\/p>\n<p>Ricevette l&#8217;educazione dai monaci benedettini di San Michele di Lucedio (Vercelli)(altri storici affermano che sia stato allevato dai canonici regolari di S. Agostino) e ben presto rivel\u00f2 di possedere tutte le doti necessarie al governo di una diocesi.<\/p>\n<p>Certamente Egli visse in un periodo ben conosciuto della storia medievale d&#8217;Italia e cio\u00e8 quello di Federico Barbarossa, di Papa Alessandro III e dei Comuni. Alcune date: lega dei Comuni lombardi a Pontida (1167), fondazione di Alessandria (1168), assedio di Alessandria (1174), Battaglia di Legnano (1176), pace di Venezia (1177), pace di Costanza (1183).<\/p>\n<p>Negli ultimi decenni del secolo XI, si notano vari fatti che preludono alla formazione delle autonomie comunali, parallelamente alle ultime fasi della lotta delle investi-ture ecclesiastiche. La lotta indebolisce la nobilt\u00e0 feudale per lungo tempo divisa tra una fazione favorevole all&#8217;imperatore (Enrico IV e suo figlio) ed una che invece parteggiava per il Pontefice. A indebolire l&#8217;autorit\u00e0 dell&#8217;impero si aggiunge anche la lunghissima assenza degli imperatori dall&#8217;Italia. Enrico V muore nel 1125 e Federico I, detto enobarbo (barba di bronzo) o barbarossa, \u00e8 incoronato imperatore da Papa Adriano III nel 1155. Un trentennio dunque di assenza durante il quale l&#8217;Italia fu abbandonata a se stessa. La lontananza degli imperatori tedeschi convinse molti italiani a considerare il potere imperiale un&#8217;ombra evanescente, o, un semplice ricordo storico. L&#8217;azione di Federico I ha invece presupposti diversi. Egli entra in Italia (per ben sei volte!) con la volont\u00e0 di restaurare in pieno l&#8217;autorit\u00e0 imperiale. Si riteneva infatti successore degli antichi imperatori romani e pretendeva di esercitare tutti i poteri che a questi spettavano, secondo i testi giustinianei, ritornati in onore grazie agli studi della grande scuola di diritto romano di Bologna. I due princ\u00ecpi che venivano citati a sostegno dell&#8217;autorit\u00e0 imperiale erano: &#8220;Quod Principi placuit legis habet vigorem&#8221; (quello che piacque al Sovrano ha vigore di legge) e &#8220;Omne jus populi Caesari concessum est&#8221; (tutto il diritto del popolo \u00e8 concesso a Cesare, cio\u00e8 all&#8217;imperatore).<\/p>\n<p>La lotta per le investiture aveva fiaccato la feudalit\u00e0 italiana mentre, per effetto delle concessioni imperiali, crebbe enormemente il potere dei vescovi. Gli imperatori ed i Re d&#8217;Italia accordarono ampi benefici ai vescovi. Alcuni di questi si sostituirono addirittura al conte o al marchese (es: Trento, Parma, Bergamo), altri ebbero pi\u00f9 contee (Vercelli). In altri casi, pi\u00f9 numerosi, i vescovi esercitano il potere del conte entro le mura cittadine ed in un piccolo territorio fuori le Mura (detto: &#8220;jura&#8221;) della citt\u00e0. Ci sono poi altri vescovi che non hanno neppure i poteri comitali sulla loro citt\u00e0, ma hanno poteri immunitari cos\u00ec ampi nei loro vasti possedimenti, nell&#8217;interno della citt\u00e0 e fuori, da limitare grandemente il potere del funzionario imperiale. Caso tipico pu\u00f2 essere considerato senz&#8217;altro quello del vescovo di Savona che godeva di ampi poteri. Guidone dunque agiva in questo tipo di societ\u00e0 medievale, con giustizia, con scienza e con carit\u00e0. Il suo episcopato si intreccia con i grandi eventi della titanica lotta fra Federico I di Svevia, Papa Alessandro III ed i Comuni. Il vescovo di Savona fu senza dubbio dalla parte del Papa Alessandro III, uomo integerrimo e pontefice fra i pi\u00f9 grandi del medioevo. Infatti, ad istanza di S. Galdino, arcivescovo di Milano e dei vescovi comprovinciali, nel 1175, Papa Alessandro III costitu\u00ec Ardoino, primo vescovo di Alessandria e priv\u00f2 il vescovo di Pavia dell&#8217;onore della croce e del pallio, in quanto si era schierato dalla parte di Federico imperatore. Per comprendere questo avvenimento e la partecipazione di Guidone allo stesso, \u00e8 necessario ricordare che la diocesi di Savona faceva parte della Provincia lombarda e continu\u00f2 ad essere soggetta al metropolita di Milano anche quando, nel 1133, Genova fu eretta in archidiocesi con giurisdizione su tutte le altri diocesi liguri. La diocesi di Savona fu sottratta alla giurisdizione dell&#8217;arcivescovo di Milano e assoggettata a Genova in data 8 luglio 1806 con decreto imperiale di Napoleone I. Alla morte di Idizio, o Ardizio, il Nostro fu eletto vescovo di Savona nel 1173, nel quale anno, ai 20 di novembre trovasi gi\u00e0 segnata, in sua presenza, una convenzione tra il Comune di Savona ed i monaci dell&#8217;abbazia di Ferrania. Il 2 luglio 1178 una comprovazione del Vescovo d&#8217;Alba e di altri delegati \u00e8 emanata su sentenza di Guidone a favore della chiesa di San Lorenzo di Genova.<\/p>\n<p>Si giunge all&#8217;anno 1179. Guidone interviene al III Concilio Lateranense, indetto da papa Alessandro III, e sottoscrive i decreti conciliari. Questo concilio, il nono dei Concili ecumenici, fu tenuto nel mese di marzo del 1179 e vi parteciparono 300 vescovi, venuti da ogni parte, e poi preti, abati, chierici e legati di re e imperatori. Decise e discusse principalmente della elezione del Pontefice, delle eresie ed in special modo della disciplina ecclesiastica.<\/p>\n<p>Guidone fu eletto arbitro nella contesa tra il marchese Enrico Guercio e la Comunit\u00e0 di Savona per la valutazione dei pesi e misure di Savona e stabil\u00ec un accordo duraturo. Era il 25 ottobre 1179.<\/p>\n<p>Nell&#8217;archivio di Stato di Savona si conserva il &#8220;cartulario&#8221; dei notai Arnaldo Cumano e Giovanni di Donato (dall&#8217;anno 1178 all&#8217;anno 1188), nel quale il vescovo Guido \u00e8 protagonista di 41 atti. Sono, in gran parte, atti di amministrazione della mensa vescovile, atti di obbedienza di alcuni abati, e arbitrati. Da questi atti il vescovo appare come un amministratore preciso, esigente nella disciplina ecclesiastica ed ottimo giurista. Nello stesso anno 1179, ai 19 di giugno, Rolando, abate del monastero di San Salvatore di Spigno (alto Monferrato) giura obbedienza a Guido, vescovo di Savona, ai suoi successori ed al coro della chiesa savonese. Traduciamo i passi pi\u00f9 significativi: &#8220;Rolando abate&#8230; ricevuto il libro dei santi evangeli nelle sue mani e, tenendolo nelle mani, promise vera obbedienza al signor Guidone, vescovo di Savona, e ai di lui cattolici successori e al coro della chiesa di Savona ed inoltre pose le sue mani nelle mani dei predetto signor vescovo.<\/p>\n<p>Fatto nell&#8217;anno del Signore 1179, indizione XI, il 13\u00b0 giorno prima delle calende di luglio.&#8221;<\/p>\n<p>Il 27 ottobre 1179, Pietro, abate di Sant&#8217;Eugenio, giura obbedienza a Guido, vescovo di Savona, con una formula uguale alla precedente. Torniamo indietro di qualche mese ed ecco Guidone pronunciare lodo arbitrale nella controversia tra Comperato di Tiassano, da una parte, e Aicardo Alexe, Giovanni Lembello e Guglielmo Fexella, dall&#8217;altra, attribuendo a Comperato una terra incolta, posta in Tiassano, in luogo detto Fossalvaria, salvi alla canonica i diritti livellari, secondo la consuetudine di Tiassano. &#8220;Ego Guido, episcopus Saone, visis utriusque partibus rationibus, laudo ipsam terram Comperato et suis eredibus, salvo iure nostro, ecc. (viste le ragioni dell&#8217;una e dell&#8217;altra parte, pronuncio lodo arbitrale che quella stessa terra sia assegnata a Comperato ed ai suoi eredi, salvo il nostro diritto, secondo l&#8217;uso di Tiassano) Actum in palatio Saonensis episcopi, MCLXXVIIII (1179), in Purificatione Sancte Marie (quindi il 2 febbraio), indictione XI&#8221;.<\/p>\n<p>Questo arbitrato provvido ed intelligente non \u00e8 il solo. Infatti, l&#8217;anno successivo 1180 nel mese di agosto (manca il giorno), il nostro Vescovo pronuncia lodo arbitrale nella controversia vertente tra la Chiesa di San Pietro, rappresentata da frate Ottone, e Iacopo del fu Oberto Cabuto, per la propriet\u00e0 di un piccolo appezzamento di terra, situata in Fossalvaria, che fu di Giovanni Cabuto, sulla base di un compromesso che assegna la propriet\u00e0 alla Chiesa, la quale dovr\u00e0 pagare 15 soldi a Iacopo. Guidone emette una decisione che sigla l&#8217;accordo tra le parti, con piena soddisfazione di entrambe. Fatto in Savona nel pontile che \u00e8 presso il palazzo del signor Vescovo, MCLXXX (1180) nel mese di agosto.<\/p>\n<p>Un esempio di investitura livellaria: 1181, maggio 6. Alessandra moglie del fu Amico Nolasco, refuta i diritti sulla terza parte di una terra incolta situata presso la torre &#8220;de Taiata&#8221;, nelle mani di Guido, vescovo di Savona, che ne d\u00e0 investitura livellaria per 29 anni a Benvenuta del fu Amico Nolasco ed ai suoi eredi, contro il corrispettivo annuo di un denaro a Santo Stefano. Anche questo &#8220;actum in pontili domini episcopi, sexto die madii&#8221;.<\/p>\n<p>Il 23 agosto 1181, alla presenza di Guido, vescovo di Savona, Alberto Terrino affida il suo ospedale, situato &#8220;extra portam Furam&#8221;, nelle mani di Framondo e Bianco, frati di Santa Maria di Monte Gazzo.<\/p>\n<p>Un atto singolare e importante di cui si riporta la parte diapositiva tradotta dal latino: &#8220;ut&#8230; affinch\u00e9 abbiano e tengano lo stesso ospedale con l&#8217;orto che si trova davanti all&#8217;ospedale e con una casa che \u00e8 tra la porta Fura, con una vigna che giace presso San Donato. &#8220;Ea lege&#8221; diede a loro (i due frati) quell&#8217;ospedale, che non possano vendere n\u00e8 alienare lo stesso, n\u00e8 le terre, se non su parere ed ordine del vescovo di Savona e che siano tenuti a dare ivi ospitalit\u00e0 ai poveri e che ivi abiti uno dei frati, il quale assiduamente custodisca l&#8217;ospedale e che serva a Dio ed ai poveri; e cos\u00ec ricevettero l&#8217;investitura e promisero di osservarla. Actum in curia saonensis Episcopi, anno Domini MCLXXXI, mense augusti, indictione XIII, X kalendas septembris&#8221;.<\/p>\n<p>Il 31 agosto 1181, Guido, vescovo di Savona, investe Angelerio, monaco di San Venerio del Tino, della corte di Frasso, situato in Corsica, per la quale disputavano l&#8217;abate di San Venerio ed il vescovo di Ajaccio. Questo dimostra quale fosse la fama e l&#8217;autorit\u00e0 del vescovo Guido, anche oltremare!<\/p>\n<p>Segnaliamo ancora un lodo arbitrale del 31 gennaio 1182 che assegna delle terre del vescovado; e una vendita, alla presenza del vescovo, riferentesi al manso &#8220;de Centumclavis&#8221; in territorio di Legino.<\/p>\n<p>Nell&#8217;anno precedente, e cio\u00e8 nel 1181, il nostro vescovo segnala, in modo eroico, la Sua Carit\u00e0; lasciamo la parola al Verzellino: &#8220;Questo beato pastore fu di carit\u00e0 immensa, qual specialmente esercit\u00f2, quando la regione circonvicina era gravata da pestifero contagio e la citt\u00e0 mesta per la morte di non pochi suoi abitatori&#8221;. Il Massa, nel diario dei Santi, ricorda: &#8220;il nostro santo vescovo che di sua presenza solleva i poveri infermi, segnalando con esercizi eroici la sua carit\u00e0&#8221;.<\/p>\n<p>La nobile esistenza di Guido, vescovo di Savona, volge al termine; conclude infatti il Verzellino: &#8220;e chiudendo gli occhi in pace, se n&#8217;and\u00f2 a godere la felicit\u00e0 eterna nell&#8217;anno 1183&#8221;<\/p>\n<\/div>\n<p><a href=\"https:\/\/it.wikipedia.org\/wiki\/Vidone_Lomello\" target=\"_blank\" rel=\"noopener noreferrer\">Wikipedia<\/a> : <b>Vidone Lomello<\/b> (&#8230; \u2013 Savona, 1183?) \u00e8 stato un vescovo cattolico italiano.<\/p>\n<p>Il nome \u00e8 riportato nel <a title=\"Concilio Lateranense III\" href=\"https:\/\/it.wikipedia.org\/wiki\/Concilio_Lateranense_III\">Concilio Lateranense III<\/a> del 1179 indetto da <a title=\"Papa Alessandro III\" href=\"https:\/\/it.wikipedia.org\/wiki\/Papa_Alessandro_III\">papa Alessandro III<\/a>. Pare abbia vissuto sino all&#8217;anno 1183, ma la notizia non \u00e8 sicura. Alla sua morte gli fu attribuito il titolo di <i>beato<\/i> dalla popolazione poich\u00e9 tale fu considerato dai suoi contemporanei. Tale appellativo non venne mai ufficializzato dalla Chiesa cattolica.<\/p>\n","protected":false},"excerpt":{"rendered":"<p>Guidone o Vidone: vescovo di Savona (morto 1183) &#8212;&#8211; &#8212;&#8211; dal sito del Comune di Lomello: Comune di Lomello- Guidone Guidone da Lomello, Vescovo di Savona Le notizie storiche intorno alla sua persona non sono molte, ma quelle poche in nostro possesso sono ampiamente sufficienti ad illuminare la vita e le opere di questo nostro antico ed illustre concittadino, lontano nel tempo, ma tanto vicino per le sue qualit\u00e0 morali:&hellip; <\/p>\n","protected":false},"author":1,"featured_media":0,"comment_status":"closed","ping_status":"closed","sticky":false,"template":"","format":"standard","meta":{"jetpack_post_was_ever_published":false,"footnotes":"","jetpack_publicize_message":"","jetpack_is_tweetstorm":false,"jetpack_publicize_feature_enabled":true,"jetpack_social_post_already_shared":false,"jetpack_social_options":[]},"categories":[14,19],"tags":[],"class_list":["post-2020","post","type-post","status-publish","format-standard","hentry","category-personaggi","category-xii"],"jetpack_publicize_connections":[],"jetpack_featured_media_url":"","jetpack_sharing_enabled":true,"jetpack_shortlink":"https:\/\/wp.me\/p6ZQY0-wA","jetpack-related-posts":[{"id":2040,"url":"https:\/\/langosco.it\/?p=2040","url_meta":{"origin":2020,"position":0},"title":"Personaggio: Ottone I di Lomello","date":"Maggio 8, 2020","format":false,"excerpt":"Ottone: Tra i figli di Cuniberto si distingue Ottone (i) (atti dal 999 al 1025), nominato nel dicembre del 999 conte di Pavia e conte di Palazzo da Ottone III imperatore ed erede dal padre del titolo di conte di Lomello; e che, come protospatario imperiale, fu presente nel 1000\u2026","rel":"","context":"In &quot;Personaggi&quot;","img":{"alt_text":"","src":"","width":0,"height":0},"classes":[]},{"id":2002,"url":"https:\/\/langosco.it\/?p=2002","url_meta":{"origin":2020,"position":1},"title":"Personaggio: Gandolfo da Lomello","date":"Maggio 8, 2020","format":false,"excerpt":"Gandolfo da Lomello, capostipide della famiglia Lomellini venuto a Genova nel 1102, sposato alla figlia di Guglielmo Embriachi e poi stabilitosi a Pegli. Nota: Si ipotizza che i Lomellini, assunti a primario rilievo nella storia della Repubblica di Genova a partire dal XII secolo, siano una gemmazione della famiglia, il\u2026","rel":"","context":"In &quot;Personaggi&quot;","img":{"alt_text":"","src":"","width":0,"height":0},"classes":[]},{"id":2013,"url":"https:\/\/langosco.it\/?p=2013","url_meta":{"origin":2020,"position":2},"title":"Personaggio: Gualfredo","date":"Maggio 8, 2020","format":false,"excerpt":"Gualfredo, podest\u00e0 di Firenze, di Vercelli e di Milano, morto in battaglia ad Angera nel 1276, tentando di rimettere Ottone Visconti in possesso di Milano. ----- ----- da Treccani: Dizionario Biografico degli Italiani - Volume 63 (2004) di Giancarlo Andenna LANGOSCO, Goffredo di. - Conte palatino di Lomello, nacque probabilmente\u2026","rel":"","context":"In &quot;Personaggi&quot;","img":{"alt_text":"","src":"","width":0,"height":0},"classes":[]},{"id":1488,"url":"https:\/\/langosco.it\/?p=1488","url_meta":{"origin":2020,"position":3},"title":"Sul borgo di Lomello e sulla strada tra Pavia e Vercelli","date":"Giugno 11, 2016","format":false,"excerpt":"SUL BORGO DI LOMELLO E SULLA STRADA TRA PAVIA E VERCELLI Ogni citazione riporta il n\u00b0 dell\u2019opera citata nella bibliografia ed il n\u00b0 della pagina. Esempio: 5\/9 significa: opera n\u00b05 (\u201cI conti palatini ecc.\u201d Bascap\u00e9, 1936), pagina n\u00b0 9. I testi tra parentesi quadre e in corsivo sono miei. 5\/17,\u2026","rel":"","context":"In &quot;Luoghi&quot;","img":{"alt_text":"","src":"https:\/\/i0.wp.com\/langosco.it\/wp-content\/uploads\/2016\/06\/panorama-risaie-strada.jpg?fit=1200%2C444&ssl=1&resize=350%2C200","width":350,"height":200},"classes":[]},{"id":1492,"url":"https:\/\/langosco.it\/?p=1492","url_meta":{"origin":2020,"position":4},"title":"Araldica dei conti palatini di Lomello: tratto da &#8220;Medioevo&#8221;","date":"Giugno 11, 2016","format":false,"excerpt":"Articolo sullo stemma: Araldica dei conti palatini di Lomello tratto da MEDIOEVO Gennaio 2016 \u2013 autore: Niccol\u00f2 Orsini De Marzo","rel":"","context":"In &quot;Araldica&quot;","img":{"alt_text":"","src":"","width":0,"height":0},"classes":[]},{"id":2038,"url":"https:\/\/langosco.it\/?p=2038","url_meta":{"origin":2020,"position":5},"title":"Personaggio: Ottaviano","date":"Maggio 8, 2020","format":false,"excerpt":"Ottaviano. Nel 1581 con Giacomo Natta, signore d\u2019Alfiano, suo cognato (marito di Porzia Dalla Valle, sorella di Virginia), fu uno dei testimoni alle nozze del duca Vincenzo Gonzaga con Margherita Farnese. Nel 1590 fu consigliere di stato. Nel 1594 e nel 1600 fu commissario generale del duca [quale?]. Nel 1602\u2026","rel":"","context":"In &quot;Personaggi&quot;","img":{"alt_text":"","src":"","width":0,"height":0},"classes":[]}],"_links":{"self":[{"href":"https:\/\/langosco.it\/index.php?rest_route=\/wp\/v2\/posts\/2020","targetHints":{"allow":["GET"]}}],"collection":[{"href":"https:\/\/langosco.it\/index.php?rest_route=\/wp\/v2\/posts"}],"about":[{"href":"https:\/\/langosco.it\/index.php?rest_route=\/wp\/v2\/types\/post"}],"author":[{"embeddable":true,"href":"https:\/\/langosco.it\/index.php?rest_route=\/wp\/v2\/users\/1"}],"replies":[{"embeddable":true,"href":"https:\/\/langosco.it\/index.php?rest_route=%2Fwp%2Fv2%2Fcomments&post=2020"}],"version-history":[{"count":1,"href":"https:\/\/langosco.it\/index.php?rest_route=\/wp\/v2\/posts\/2020\/revisions"}],"predecessor-version":[{"id":2021,"href":"https:\/\/langosco.it\/index.php?rest_route=\/wp\/v2\/posts\/2020\/revisions\/2021"}],"wp:attachment":[{"href":"https:\/\/langosco.it\/index.php?rest_route=%2Fwp%2Fv2%2Fmedia&parent=2020"}],"wp:term":[{"taxonomy":"category","embeddable":true,"href":"https:\/\/langosco.it\/index.php?rest_route=%2Fwp%2Fv2%2Fcategories&post=2020"},{"taxonomy":"post_tag","embeddable":true,"href":"https:\/\/langosco.it\/index.php?rest_route=%2Fwp%2Fv2%2Ftags&post=2020"}],"curies":[{"name":"wp","href":"https:\/\/api.w.org\/{rel}","templated":true}]}}